{"id":7003,"date":"2026-04-29T20:57:07","date_gmt":"2026-04-29T17:57:07","guid":{"rendered":"https:\/\/www.sdemir.av.tr\/?p=7003"},"modified":"2026-04-29T21:05:12","modified_gmt":"2026-04-29T18:05:12","slug":"guncel-hukuki-gelismeler","status":"publish","type":"post","link":"https:\/\/www.sdemir.av.tr\/en\/2026\/04\/29\/guncel-hukuki-gelismeler\/","title":{"rendered":"G\u00fcncel Hukuki Geli\u015fmeler: Mevzuat De\u011fi\u015fiklikleri ve \u00d6nemli Kararlar"},"content":{"rendered":"<p class=\"wp-block-paragraph\">Hukuk sistemi, toplumun ihtiya\u00e7lar\u0131na ve de\u011fi\u015fen ko\u015fullara g\u00f6re s\u00fcrekli g\u00fcncellenen dinamik bir yap\u0131ya sahiptir. Yeni kanuni d\u00fczenlemeler, y\u00f6netmelik de\u011fi\u015fiklikleri ve y\u00fcksek yarg\u0131 kararlar\u0131; bireylerin, \u015firketlerin ve kamu kurumlar\u0131n\u0131n haklar\u0131n\u0131 do\u011frudan etkileyebilmektedir. Bu nedenle g\u00fcncel hukuki geli\u015fmelerin yak\u0131ndan takip edilmesi b\u00fcy\u00fck \u00f6nem ta\u015f\u0131r. Av. Arb. Serap Demir Hukuk B\u00fcrosu olarak, m\u00fcvekkillerimizin hak kayb\u0131 ya\u015famamas\u0131 ad\u0131na \u00f6nemli geli\u015fmeleri yak\u0131ndan takip ediyor ve bilgilendirici i\u00e7erikler sunuyoruz.<\/p>\n\n\n\n<h4 class=\"wp-block-heading\">Hukuki Geli\u015fmeleri Takip Etmek Neden \u00d6nemlidir?<\/h4>\n\n\n\n<p class=\"wp-block-paragraph\">Bir\u00e7ok ki\u015fi yaln\u0131zca dava s\u00fcreci ba\u015flad\u0131\u011f\u0131nda hukukla ilgilenmektedir. Oysa mevzuat de\u011fi\u015fiklikleri g\u00fcnl\u00fck ya\u015fam\u0131 do\u011frudan etkileyebilir. Kira ili\u015fkileri, i\u015f s\u00f6zle\u015fmeleri, miras payla\u015f\u0131m\u0131, ticari faaliyetler, t\u00fcketici i\u015flemleri ve vergi y\u00fck\u00fcml\u00fcl\u00fckleri gibi bir\u00e7ok alanda yeni d\u00fczenlemeler yap\u0131labilmektedir.<\/p>\n\n\n\n<p class=\"wp-block-paragraph\">G\u00fcncel geli\u015fmeleri takip etmek sayesinde:<\/p>\n\n\n\n<ul class=\"wp-block-list\">\n<li>Hak kay\u0131plar\u0131n\u0131n \u00f6n\u00fcne ge\u00e7ilebilir<\/li>\n\n\n\n<li>S\u00fcreler ka\u00e7\u0131r\u0131lmadan i\u015flem yap\u0131labilir<\/li>\n\n\n\n<li>Yeni haklardan yararlan\u0131labilir<\/li>\n\n\n\n<li>Sorumluluklar \u00f6nceden \u00f6\u011frenilebilir<\/li>\n\n\n\n<li>Uyu\u015fmazl\u0131klar ba\u015flamadan \u00f6nlenebilir<\/li>\n<\/ul>\n\n\n\n<h4 class=\"wp-block-heading\">Mahkeme Kararlar\u0131n\u0131n \u00d6nemi<\/h4>\n\n\n\n<p class=\"wp-block-paragraph\">Kanun maddeleri kadar mahkemelerin yorumlar\u0131 da uygulamada b\u00fcy\u00fck \u00f6nem ta\u015f\u0131r. \u00d6zellikle Yarg\u0131tay ve Dan\u0131\u015ftay kararlar\u0131, benzer dosyalarda yol g\u00f6sterici nitelik ta\u015f\u0131maktad\u0131r.<\/p>\n\n\n\n<p class=\"wp-block-paragraph\">\u00d6rne\u011fin:<\/p>\n\n\n\n<ul class=\"wp-block-list\">\n<li>Tahliye davalar\u0131nda ispat \u015fartlar\u0131<\/li>\n\n\n\n<li>\u0130\u015f\u00e7i alacaklar\u0131nda hesap y\u00f6ntemleri<\/li>\n\n\n\n<li>Bo\u015fanma davalar\u0131nda tazminat kriterleri<\/li>\n\n\n\n<li>T\u00fcketici uyu\u015fmazl\u0131klar\u0131nda sorumluluk s\u0131n\u0131rlar\u0131<\/li>\n\n\n\n<li>Miras davalar\u0131nda payla\u015f\u0131m esaslar\u0131<\/li>\n<\/ul>\n\n\n\n<p class=\"wp-block-paragraph\">gibi konularda y\u00fcksek yarg\u0131 kararlar\u0131 uygulamaya y\u00f6n vermektedir.<\/p>\n\n\n\n<h4 class=\"wp-block-heading\">S\u0131k De\u011fi\u015fen Hukuk Alanlar\u0131<\/h4>\n\n\n\n<p class=\"wp-block-paragraph\">Baz\u0131 hukuk dallar\u0131nda de\u011fi\u015fiklikler daha s\u0131k ya\u015fanmaktad\u0131r. \u00d6zellikle:<\/p>\n\n\n\n<h4 class=\"wp-block-heading\">Kira Hukuku<\/h4>\n\n\n\n<p class=\"wp-block-paragraph\">Kira art\u0131\u015f oranlar\u0131, tahliye \u015fartlar\u0131 ve arabuluculuk s\u00fcre\u00e7leri s\u0131k\u00e7a g\u00fcncellenmektedir.<\/p>\n\n\n\n<h4 class=\"wp-block-heading\">\u0130\u015f Hukuku<\/h4>\n\n\n\n<p class=\"wp-block-paragraph\">Asgari \u00fccret, k\u0131dem tazminat\u0131, fazla mesai ve \u00e7al\u0131\u015fma ko\u015fullar\u0131na ili\u015fkin de\u011fi\u015fiklikler \u00f6nem ta\u015f\u0131r.<\/p>\n\n\n\n<h4 class=\"wp-block-heading\">Ticaret Hukuku<\/h4>\n\n\n\n<p class=\"wp-block-paragraph\">\u015eirket kurulu\u015flar\u0131, elektronik ticaret ve ticari s\u00f6zle\u015fmeler alan\u0131nda yeni d\u00fczenlemeler yap\u0131labilmektedir.<\/p>\n\n\n\n<h4 class=\"wp-block-heading\">Aile Hukuku<\/h4>\n\n\n\n<p class=\"wp-block-paragraph\">Velayet, nafaka ve mal payla\u015f\u0131m\u0131 konular\u0131nda \u00f6nemli yarg\u0131 kararlar\u0131 \u00e7\u0131kabilmektedir.<\/p>\n\n\n\n<h4 class=\"wp-block-heading\">\u0130cra ve Bor\u00e7lar Hukuku<\/h4>\n\n\n\n<p class=\"wp-block-paragraph\">Takip s\u00fcre\u00e7leri, \u00f6deme emirleri ve haciz uygulamalar\u0131 g\u00fcncel de\u011fi\u015fikliklerden etkilenebilir.<\/p>\n\n\n\n<h4 class=\"wp-block-heading\">Profesyonel Destek Neden Gereklidir?<\/h4>\n\n\n\n<p class=\"wp-block-paragraph\">Kanun metinlerini okumak \u00e7o\u011fu zaman tek ba\u015f\u0131na yeterli de\u011fildir. Bir d\u00fczenlemenin nas\u0131l uygulanaca\u011f\u0131, ge\u00e7mi\u015fe etkisi olup olmad\u0131\u011f\u0131 ve somut olaya nas\u0131l yans\u0131yaca\u011f\u0131 uzman de\u011ferlendirmesi gerektirir.<\/p>\n\n\n\n<p class=\"wp-block-paragraph\">Yanl\u0131\u015f yorumlanan bir d\u00fczenleme; dava kayb\u0131na, s\u00fcre ka\u00e7\u0131r\u0131lmas\u0131na veya maddi zarara neden olabilir.<\/p>\n\n\n\n<p class=\"wp-block-paragraph\">Av. Arb. Serap Demir Hukuk B\u00fcrosu Olarak Hizmetlerimiz<\/p>\n\n\n\n<p class=\"wp-block-paragraph\">Av. Arb. Serap Demir Hukuk B\u00fcrosu olarak g\u00fcncel mevzuat de\u011fi\u015fikliklerini ve \u00f6nemli yarg\u0131 kararlar\u0131n\u0131 takip ederek m\u00fcvekkillerimize etkin dan\u0131\u015fmanl\u0131k sunmaktay\u0131z. Her hukuki s\u00fcre\u00e7te do\u011fru bilgiye zaman\u0131nda ula\u015fman\u0131n \u00f6nemine inan\u0131yoruz.<\/p>\n\n\n\n<p class=\"wp-block-paragraph\">Sonu\u00e7<\/p>\n\n\n\n<p class=\"wp-block-paragraph\">Hukuk alan\u0131ndaki geli\u015fmeler yaln\u0131zca avukatlar\u0131 de\u011fil, toplumun her kesimini ilgilendirir. G\u00fcncel de\u011fi\u015fiklikleri takip etmek; haklar\u0131n korunmas\u0131, risklerin azalt\u0131lmas\u0131 ve do\u011fru ad\u0131mlar at\u0131lmas\u0131 a\u00e7\u0131s\u0131ndan b\u00fcy\u00fck \u00f6nem ta\u015f\u0131r. Hukuki bir konuda teredd\u00fct ya\u015faman\u0131z halinde uzman deste\u011fi almak en sa\u011fl\u0131kl\u0131 yoldur.<\/p>\n\n\n\n<p class=\"wp-block-paragraph\"><\/p>","protected":false},"excerpt":{"rendered":"<p>Mevzuat de\u011fi\u015fiklikleri, \u00f6nemli mahkeme kararlar\u0131 ve hukuki d\u00fczenlemeler hakk\u0131nda g\u00fcncel, anla\u015f\u0131l\u0131r ve yol g\u00f6sterici de\u011ferlendirmeler sunuyoruz.<\/p>","protected":false},"author":1,"featured_media":4876,"comment_status":"closed","ping_status":"closed","sticky":false,"template":"","format":"standard","meta":{"footnotes":""},"categories":[1],"tags":[],"class_list":["post-7003","post","type-post","status-publish","format-standard","has-post-thumbnail","hentry","category-haberler"],"_links":{"self":[{"href":"https:\/\/www.sdemir.av.tr\/en\/wp-json\/wp\/v2\/posts\/7003","targetHints":{"allow":["GET"]}}],"collection":[{"href":"https:\/\/www.sdemir.av.tr\/en\/wp-json\/wp\/v2\/posts"}],"about":[{"href":"https:\/\/www.sdemir.av.tr\/en\/wp-json\/wp\/v2\/types\/post"}],"author":[{"embeddable":true,"href":"https:\/\/www.sdemir.av.tr\/en\/wp-json\/wp\/v2\/users\/1"}],"replies":[{"embeddable":true,"href":"https:\/\/www.sdemir.av.tr\/en\/wp-json\/wp\/v2\/comments?post=7003"}],"version-history":[{"count":3,"href":"https:\/\/www.sdemir.av.tr\/en\/wp-json\/wp\/v2\/posts\/7003\/revisions"}],"predecessor-version":[{"id":7007,"href":"https:\/\/www.sdemir.av.tr\/en\/wp-json\/wp\/v2\/posts\/7003\/revisions\/7007"}],"wp:featuredmedia":[{"embeddable":true,"href":"https:\/\/www.sdemir.av.tr\/en\/wp-json\/wp\/v2\/media\/4876"}],"wp:attachment":[{"href":"https:\/\/www.sdemir.av.tr\/en\/wp-json\/wp\/v2\/media?parent=7003"}],"wp:term":[{"taxonomy":"category","embeddable":true,"href":"https:\/\/www.sdemir.av.tr\/en\/wp-json\/wp\/v2\/categories?post=7003"},{"taxonomy":"post_tag","embeddable":true,"href":"https:\/\/www.sdemir.av.tr\/en\/wp-json\/wp\/v2\/tags?post=7003"}],"curies":[{"name":"wp","href":"https:\/\/api.w.org\/{rel}","templated":true}]}}